{"id":430,"date":"2017-08-18T23:04:25","date_gmt":"2017-08-19T02:04:25","guid":{"rendered":"http:\/\/www.sindpdal.org.br\/?p=430"},"modified":"2021-05-04T17:04:40","modified_gmt":"2021-05-04T20:04:40","slug":"reflexoes-convencoes-acordos-coletivos-ameacados-de-extincao","status":"publish","type":"post","link":"https:\/\/www.sindpdal.org.br\/index.php\/2017\/08\/18\/reflexoes-convencoes-acordos-coletivos-ameacados-de-extincao\/","title":{"rendered":"REFLEX\u00d5ES: CONVEN\u00c7\u00d5ES E ACORDOS COLETIVOS AMEA\u00c7ADOS DE EXTIN\u00c7\u00c3O"},"content":{"rendered":"<p>A ATUAL SITUA\u00c7\u00c3O DO PA\u00cdS DIANTE DO CAOS INSTALADO<\/p>\n<p>O Brasil encontra-se diante de um tsunami sem propor\u00e7\u00f5es, retrato perfeito da fal\u00eancia das institui\u00e7\u00f5es nacionais \u2013 Executivo, Legislativo e Judici\u00e1rio. Para entendermos melhor ser\u00e1 necess\u00e1rio voltarmos no tempo para compreender que o mal maior \u2013 a corrup\u00e7\u00e3o \u2013 vem desde que os europeus aqui colocaram seus p\u00e9s, pois a corrup\u00e7\u00e3o tem origem na forma com que os primeiros governantes e mandat\u00e1rios, que aqui se instalaram, impuseram normas e leis ao povo dessa terra, ou seja, nossos poderes &#8211; executivo, legislativo e judici\u00e1rio &#8211; sempre trabalharam em comum acordo para que uma minoria mantivesse poder e controle sobre a maioria do povo brasileiro, mesmo que isso custasse vidas, tal situa\u00e7\u00e3o provocada pela mis\u00e9ria persiste at\u00e9 os dias de hoje.<\/p>\n<p>O desejo louco pelo poder e ac\u00famulo de riquezas chega ao c\u00famulo do absurdo quando nos deparamos com o grau elevad\u00edssimo da corrup\u00e7\u00e3o instalada nos tr\u00eas poderes. Um pa\u00eds que se preze respeita suas leis previstas em seus c\u00f3digos \u2013 Constitui\u00e7\u00e3o Federal, Criminal, C\u00edvel, Trabalhista, Administra\u00e7\u00e3o etc. Os portugueses \u2013 ladr\u00f5es, estupradores, assassinos, que aqui chegaram para colonizar e dilapidar nossas riquezas, ficariam abismados e com inveja do grau de banditismo no Brasil do S\u00e9culo XXI. Diante do exposto, podemos entender que o Brasil sempre estar\u00e1 \u00e0 disposi\u00e7\u00e3o de na\u00e7\u00f5es estrangeiras que apenas querem usurpar nossas riquezas, impondo aos nossos governantes a facilita\u00e7\u00e3o para que empresas estrangeiras aqui se instalem para continuar a dilapida\u00e7\u00e3o do patrim\u00f4nio material (mat\u00e9ria-prima) e imaterial (intelectual, conhecimentos), conduzindo cada vez mais a grande maioria da popula\u00e7\u00e3o \u00e0 mis\u00e9ria, \u00e0 condi\u00e7\u00e3o quase de escravid\u00e3o, tudo isso orquestrado pelos tr\u00eas poderes: executivo, legislativo e judici\u00e1rio com a for\u00e7a de persuas\u00e3o dos meios de comunica\u00e7\u00e3o.<\/p>\n<p>Estamos em 2021, o caos instalado pelos tr\u00eas poderes constitu\u00eddos, desde 2016, com apoio total dos meios de comunica\u00e7\u00e3o, tem provocado arrepios e pavores \u00e0 popula\u00e7\u00e3o. Autoridades do legislativo, executivo e judici\u00e1rio, apesar de ganharem sal\u00e1rios absurdos mais uma vasta quantidade de benef\u00edcios (aux\u00edlio-moradia, aux\u00edlio-escola, aux\u00edlio-odontol\u00f3gico, aux\u00edlio-palet\u00f3 etc), t\u00eam trabalhado em conjunto para conduzir definitivamente a esmagadora maioria da popula\u00e7\u00e3o \u00e0 total escurid\u00e3o. Tomando como exemplo a Reforma Trabalhista e a Reforma Previdenci\u00e1ria, vemos que o objetivo maior foi usurpar praticamente todos os direitos do povo, inclusive direitos universais \u2013 educa\u00e7\u00e3o, sa\u00fade e seguran\u00e7a.<\/p>\n<p>A Reforma Trabalhista \u00e9 bem mais cruel que a Reforma Previdenci\u00e1ria, pois com as novas rela\u00e7\u00f5es de trabalho, considerando que a expectativa de vida dever\u00e1 diminuir (menor ser\u00e1 o tempo de vida de um indiv\u00edduo), dificilmente a maioria das pessoas conseguir\u00e1 adquirir a famigerada aposentadoria e outros benef\u00edcios previdenci\u00e1rios, ent\u00e3o podemos concluir que as duas reformas est\u00e3o entrela\u00e7adas convergindo para o \u00fanico objetivo que \u00e9 a preval\u00eancia do poder e controle de uma minoria sobre a maioria da popula\u00e7\u00e3o atrav\u00e9s do caos total com pessoas n\u00e3o tendo o m\u00ednimo direito de recorrer a quem quer que seja, pois o poder judici\u00e1rio est\u00e1 orquestrado com os governantes para que as leis sejam aplicadas de acordo com o pensamento da classe dominante constitu\u00edda (autoridades corruptas e empres\u00e1rios desonestos e sonegadores de impostos etc), incluindo aqui os indiv\u00edduos que det\u00eam a maior parte dos meios de comunica\u00e7\u00e3o que conduzem os mais ing\u00eanuos a aceitar a mis\u00e9ria como algo natural, principalmente quando grande parte desses \u201cing\u00eanuos\u201d \u00e9 fiel seguidor de doutrinas religiosas que fazem da cren\u00e7a\/f\u00e9 apenas um mercado bilion\u00e1rio. Portanto, a mis\u00e9ria imposta \u00e0 esmagadora maioria da popula\u00e7\u00e3o \u00e9 o meio mais r\u00e1pido e eficaz para o ac\u00famulo insano de poder e riqueza.<\/p>\n<p>A Reforma Trabalhista \u00e9 t\u00e3o cruel que um indiv\u00edduo poder\u00e1 chegar ao ponto de pagar para trabalhar, e isso n\u00e3o \u00e9 uma ironia, pois com a diminui\u00e7\u00e3o de direitos trabalhistas e os aumentos abusivos e desumanos nos bens de consumo b\u00e1sicos e nos impostos, o\/a trabalhador(a) sequer conseguir\u00e1 manter o m\u00ednimo de condi\u00e7\u00e3o para manter-se no emprego, pois, em algum momento, ficar\u00e1 debilitado para exercer suas atividades normalmente, fato que provocar\u00e1 demiss\u00f5es, e o atual sistema s\u00f3cio-pol\u00edtico e econ\u00f4mico, que tem provocado esse caos no pa\u00eds, entende que, em algum momento, a situa\u00e7\u00e3o poder\u00e1 sair do controle, sendo necess\u00e1rio uma repress\u00e3o violenta contra quem se opuser ao sistema, \u00e9 s\u00f3 olharmos com mais clareza para as aberra\u00e7\u00f5es cometidas por quem deveria proteger a sociedade, \u00e9 um sistema covarde com ataques \u00e0 liberdade de express\u00e3o, com assassinatos a sangue-frio de desamparados que vivem nas ruas, com agress\u00f5es absurdos contra qualquer tipo de movimento social.<\/p>\n<p>Entendemos que a situa\u00e7\u00e3o deplor\u00e1vel na qual estamos inseridos \u00e9 mais fruto da ignor\u00e2ncia do que da injusti\u00e7a, pois, apesar da quase inexist\u00eancia de uma educa\u00e7\u00e3o real, em pleno s\u00e9culo XXI, n\u00f3s n\u00e3o poder\u00edamos ter permitido que a manipula\u00e7\u00e3o dos meios de comunica\u00e7\u00e3o validasse as atrocidades cometidas pelos tr\u00eas poderes: executivo, legislativo e judici\u00e1rio. Atrocidades essas na retirada de direitos, destrui\u00e7\u00e3o do patrim\u00f4nio nacional e, o pior, a interrup\u00e7\u00e3o da tentativa da constru\u00e7\u00e3o da identidade do nosso povo ao instituir e disseminar definitivamente \u201ca S\u00edndrome de Vira-latas\u201d onde a doen\u00e7a maior \u00e9 pensar que somos um nada e que o Tio Sam \u00e9 tudo!<\/p>\n","protected":false},"excerpt":{"rendered":"<p>A ATUAL SITUA\u00c7\u00c3O DO PA\u00cdS DIANTE DO CAOS INSTALADO O Brasil encontra-se diante de um tsunami sem propor\u00e7\u00f5es, retrato perfeito da fal\u00eancia das institui\u00e7\u00f5es nacionais \u2013 Executivo, Legislativo e Judici\u00e1rio. Para entendermos melhor ser\u00e1 necess\u00e1rio voltarmos no tempo para compreender que o mal maior \u2013 a corrup\u00e7\u00e3o \u2013 vem desde que os europeus aqui colocaram [&hellip;]<\/p>\n","protected":false},"author":1,"featured_media":0,"comment_status":"open","ping_status":"open","sticky":false,"template":"","format":"standard","meta":{"footnotes":""},"categories":[1],"tags":[],"class_list":["post-430","post","type-post","status-publish","format-standard","hentry","category-sem-categoria"],"yoast_head":"<!-- This site is optimized with the Yoast SEO plugin v27.4 - https:\/\/yoast.com\/product\/yoast-seo-wordpress\/ -->\n<title>REFLEX\u00d5ES: CONVEN\u00c7\u00d5ES E ACORDOS COLETIVOS AMEA\u00c7ADOS DE EXTIN\u00c7\u00c3O &#8211; SINDPD-AL<\/title>\n<meta name=\"robots\" content=\"index, follow, max-snippet:-1, max-image-preview:large, max-video-preview:-1\" \/>\n<link rel=\"canonical\" href=\"https:\/\/www.sindpdal.org.br\/index.php\/2017\/08\/18\/reflexoes-convencoes-acordos-coletivos-ameacados-de-extincao\/\" \/>\n<meta property=\"og:locale\" content=\"pt_BR\" \/>\n<meta property=\"og:type\" content=\"article\" \/>\n<meta property=\"og:title\" content=\"REFLEX\u00d5ES: CONVEN\u00c7\u00d5ES E ACORDOS COLETIVOS AMEA\u00c7ADOS DE EXTIN\u00c7\u00c3O &#8211; SINDPD-AL\" \/>\n<meta property=\"og:description\" content=\"A ATUAL SITUA\u00c7\u00c3O DO PA\u00cdS DIANTE DO CAOS INSTALADO O Brasil encontra-se diante de um tsunami sem propor\u00e7\u00f5es, retrato perfeito da fal\u00eancia das institui\u00e7\u00f5es nacionais \u2013 Executivo, Legislativo e Judici\u00e1rio. Para entendermos melhor ser\u00e1 necess\u00e1rio voltarmos no tempo para compreender que o mal maior \u2013 a corrup\u00e7\u00e3o \u2013 vem desde que os europeus aqui colocaram [&hellip;]\" \/>\n<meta property=\"og:url\" content=\"https:\/\/www.sindpdal.org.br\/index.php\/2017\/08\/18\/reflexoes-convencoes-acordos-coletivos-ameacados-de-extincao\/\" \/>\n<meta property=\"og:site_name\" content=\"SINDPD-AL\" \/>\n<meta property=\"article:published_time\" content=\"2017-08-19T02:04:25+00:00\" \/>\n<meta property=\"article:modified_time\" content=\"2021-05-04T20:04:40+00:00\" \/>\n<meta name=\"author\" content=\"root\" \/>\n<meta name=\"twitter:card\" content=\"summary_large_image\" \/>\n<meta name=\"twitter:label1\" content=\"Escrito por\" \/>\n\t<meta name=\"twitter:data1\" content=\"root\" \/>\n\t<meta name=\"twitter:label2\" content=\"Est. tempo de leitura\" \/>\n\t<meta name=\"twitter:data2\" content=\"5 minutos\" \/>\n<script type=\"application\/ld+json\" class=\"yoast-schema-graph\">{\"@context\":\"https:\\\/\\\/schema.org\",\"@graph\":[{\"@type\":\"Article\",\"@id\":\"https:\\\/\\\/www.sindpdal.org.br\\\/index.php\\\/2017\\\/08\\\/18\\\/reflexoes-convencoes-acordos-coletivos-ameacados-de-extincao\\\/#article\",\"isPartOf\":{\"@id\":\"https:\\\/\\\/www.sindpdal.org.br\\\/index.php\\\/2017\\\/08\\\/18\\\/reflexoes-convencoes-acordos-coletivos-ameacados-de-extincao\\\/\"},\"author\":{\"name\":\"root\",\"@id\":\"https:\\\/\\\/www.sindpdal.org.br\\\/#\\\/schema\\\/person\\\/27264bfef48987cc4cd77aa57a8874b6\"},\"headline\":\"REFLEX\u00d5ES: CONVEN\u00c7\u00d5ES E ACORDOS COLETIVOS AMEA\u00c7ADOS DE EXTIN\u00c7\u00c3O\",\"datePublished\":\"2017-08-19T02:04:25+00:00\",\"dateModified\":\"2021-05-04T20:04:40+00:00\",\"mainEntityOfPage\":{\"@id\":\"https:\\\/\\\/www.sindpdal.org.br\\\/index.php\\\/2017\\\/08\\\/18\\\/reflexoes-convencoes-acordos-coletivos-ameacados-de-extincao\\\/\"},\"wordCount\":951,\"commentCount\":0,\"inLanguage\":\"pt-BR\",\"potentialAction\":[{\"@type\":\"CommentAction\",\"name\":\"Comment\",\"target\":[\"https:\\\/\\\/www.sindpdal.org.br\\\/index.php\\\/2017\\\/08\\\/18\\\/reflexoes-convencoes-acordos-coletivos-ameacados-de-extincao\\\/#respond\"]}]},{\"@type\":\"WebPage\",\"@id\":\"https:\\\/\\\/www.sindpdal.org.br\\\/index.php\\\/2017\\\/08\\\/18\\\/reflexoes-convencoes-acordos-coletivos-ameacados-de-extincao\\\/\",\"url\":\"https:\\\/\\\/www.sindpdal.org.br\\\/index.php\\\/2017\\\/08\\\/18\\\/reflexoes-convencoes-acordos-coletivos-ameacados-de-extincao\\\/\",\"name\":\"REFLEX\u00d5ES: CONVEN\u00c7\u00d5ES E ACORDOS COLETIVOS AMEA\u00c7ADOS DE EXTIN\u00c7\u00c3O &#8211; SINDPD-AL\",\"isPartOf\":{\"@id\":\"https:\\\/\\\/www.sindpdal.org.br\\\/#website\"},\"datePublished\":\"2017-08-19T02:04:25+00:00\",\"dateModified\":\"2021-05-04T20:04:40+00:00\",\"author\":{\"@id\":\"https:\\\/\\\/www.sindpdal.org.br\\\/#\\\/schema\\\/person\\\/27264bfef48987cc4cd77aa57a8874b6\"},\"breadcrumb\":{\"@id\":\"https:\\\/\\\/www.sindpdal.org.br\\\/index.php\\\/2017\\\/08\\\/18\\\/reflexoes-convencoes-acordos-coletivos-ameacados-de-extincao\\\/#breadcrumb\"},\"inLanguage\":\"pt-BR\",\"potentialAction\":[{\"@type\":\"ReadAction\",\"target\":[\"https:\\\/\\\/www.sindpdal.org.br\\\/index.php\\\/2017\\\/08\\\/18\\\/reflexoes-convencoes-acordos-coletivos-ameacados-de-extincao\\\/\"]}]},{\"@type\":\"BreadcrumbList\",\"@id\":\"https:\\\/\\\/www.sindpdal.org.br\\\/index.php\\\/2017\\\/08\\\/18\\\/reflexoes-convencoes-acordos-coletivos-ameacados-de-extincao\\\/#breadcrumb\",\"itemListElement\":[{\"@type\":\"ListItem\",\"position\":1,\"name\":\"In\u00edcio\",\"item\":\"https:\\\/\\\/www.sindpdal.org.br\\\/\"},{\"@type\":\"ListItem\",\"position\":2,\"name\":\"REFLEX\u00d5ES: CONVEN\u00c7\u00d5ES E ACORDOS COLETIVOS AMEA\u00c7ADOS DE EXTIN\u00c7\u00c3O\"}]},{\"@type\":\"WebSite\",\"@id\":\"https:\\\/\\\/www.sindpdal.org.br\\\/#website\",\"url\":\"https:\\\/\\\/www.sindpdal.org.br\\\/\",\"name\":\"SINDPD-AL\",\"description\":\"SIND TRAB EMP ORG PUB PRIV PROC DE DADOS DE AL\",\"potentialAction\":[{\"@type\":\"SearchAction\",\"target\":{\"@type\":\"EntryPoint\",\"urlTemplate\":\"https:\\\/\\\/www.sindpdal.org.br\\\/?s={search_term_string}\"},\"query-input\":{\"@type\":\"PropertyValueSpecification\",\"valueRequired\":true,\"valueName\":\"search_term_string\"}}],\"inLanguage\":\"pt-BR\"},{\"@type\":\"Person\",\"@id\":\"https:\\\/\\\/www.sindpdal.org.br\\\/#\\\/schema\\\/person\\\/27264bfef48987cc4cd77aa57a8874b6\",\"name\":\"root\",\"image\":{\"@type\":\"ImageObject\",\"inLanguage\":\"pt-BR\",\"@id\":\"https:\\\/\\\/secure.gravatar.com\\\/avatar\\\/4229b4f5e1d4ccee817986ebe532b0f1157f8315146ef8d2149aa951e2817862?s=96&d=mm&r=g\",\"url\":\"https:\\\/\\\/secure.gravatar.com\\\/avatar\\\/4229b4f5e1d4ccee817986ebe532b0f1157f8315146ef8d2149aa951e2817862?s=96&d=mm&r=g\",\"contentUrl\":\"https:\\\/\\\/secure.gravatar.com\\\/avatar\\\/4229b4f5e1d4ccee817986ebe532b0f1157f8315146ef8d2149aa951e2817862?s=96&d=mm&r=g\",\"caption\":\"root\"},\"url\":\"https:\\\/\\\/www.sindpdal.org.br\\\/index.php\\\/author\\\/root\\\/\"}]}<\/script>\n<!-- \/ Yoast SEO plugin. -->","yoast_head_json":{"title":"REFLEX\u00d5ES: CONVEN\u00c7\u00d5ES E ACORDOS COLETIVOS AMEA\u00c7ADOS DE EXTIN\u00c7\u00c3O &#8211; SINDPD-AL","robots":{"index":"index","follow":"follow","max-snippet":"max-snippet:-1","max-image-preview":"max-image-preview:large","max-video-preview":"max-video-preview:-1"},"canonical":"https:\/\/www.sindpdal.org.br\/index.php\/2017\/08\/18\/reflexoes-convencoes-acordos-coletivos-ameacados-de-extincao\/","og_locale":"pt_BR","og_type":"article","og_title":"REFLEX\u00d5ES: CONVEN\u00c7\u00d5ES E ACORDOS COLETIVOS AMEA\u00c7ADOS DE EXTIN\u00c7\u00c3O &#8211; SINDPD-AL","og_description":"A ATUAL SITUA\u00c7\u00c3O DO PA\u00cdS DIANTE DO CAOS INSTALADO O Brasil encontra-se diante de um tsunami sem propor\u00e7\u00f5es, retrato perfeito da fal\u00eancia das institui\u00e7\u00f5es nacionais \u2013 Executivo, Legislativo e Judici\u00e1rio. Para entendermos melhor ser\u00e1 necess\u00e1rio voltarmos no tempo para compreender que o mal maior \u2013 a corrup\u00e7\u00e3o \u2013 vem desde que os europeus aqui colocaram [&hellip;]","og_url":"https:\/\/www.sindpdal.org.br\/index.php\/2017\/08\/18\/reflexoes-convencoes-acordos-coletivos-ameacados-de-extincao\/","og_site_name":"SINDPD-AL","article_published_time":"2017-08-19T02:04:25+00:00","article_modified_time":"2021-05-04T20:04:40+00:00","author":"root","twitter_card":"summary_large_image","twitter_misc":{"Escrito por":"root","Est. tempo de leitura":"5 minutos"},"schema":{"@context":"https:\/\/schema.org","@graph":[{"@type":"Article","@id":"https:\/\/www.sindpdal.org.br\/index.php\/2017\/08\/18\/reflexoes-convencoes-acordos-coletivos-ameacados-de-extincao\/#article","isPartOf":{"@id":"https:\/\/www.sindpdal.org.br\/index.php\/2017\/08\/18\/reflexoes-convencoes-acordos-coletivos-ameacados-de-extincao\/"},"author":{"name":"root","@id":"https:\/\/www.sindpdal.org.br\/#\/schema\/person\/27264bfef48987cc4cd77aa57a8874b6"},"headline":"REFLEX\u00d5ES: CONVEN\u00c7\u00d5ES E ACORDOS COLETIVOS AMEA\u00c7ADOS DE EXTIN\u00c7\u00c3O","datePublished":"2017-08-19T02:04:25+00:00","dateModified":"2021-05-04T20:04:40+00:00","mainEntityOfPage":{"@id":"https:\/\/www.sindpdal.org.br\/index.php\/2017\/08\/18\/reflexoes-convencoes-acordos-coletivos-ameacados-de-extincao\/"},"wordCount":951,"commentCount":0,"inLanguage":"pt-BR","potentialAction":[{"@type":"CommentAction","name":"Comment","target":["https:\/\/www.sindpdal.org.br\/index.php\/2017\/08\/18\/reflexoes-convencoes-acordos-coletivos-ameacados-de-extincao\/#respond"]}]},{"@type":"WebPage","@id":"https:\/\/www.sindpdal.org.br\/index.php\/2017\/08\/18\/reflexoes-convencoes-acordos-coletivos-ameacados-de-extincao\/","url":"https:\/\/www.sindpdal.org.br\/index.php\/2017\/08\/18\/reflexoes-convencoes-acordos-coletivos-ameacados-de-extincao\/","name":"REFLEX\u00d5ES: CONVEN\u00c7\u00d5ES E ACORDOS COLETIVOS AMEA\u00c7ADOS DE EXTIN\u00c7\u00c3O &#8211; SINDPD-AL","isPartOf":{"@id":"https:\/\/www.sindpdal.org.br\/#website"},"datePublished":"2017-08-19T02:04:25+00:00","dateModified":"2021-05-04T20:04:40+00:00","author":{"@id":"https:\/\/www.sindpdal.org.br\/#\/schema\/person\/27264bfef48987cc4cd77aa57a8874b6"},"breadcrumb":{"@id":"https:\/\/www.sindpdal.org.br\/index.php\/2017\/08\/18\/reflexoes-convencoes-acordos-coletivos-ameacados-de-extincao\/#breadcrumb"},"inLanguage":"pt-BR","potentialAction":[{"@type":"ReadAction","target":["https:\/\/www.sindpdal.org.br\/index.php\/2017\/08\/18\/reflexoes-convencoes-acordos-coletivos-ameacados-de-extincao\/"]}]},{"@type":"BreadcrumbList","@id":"https:\/\/www.sindpdal.org.br\/index.php\/2017\/08\/18\/reflexoes-convencoes-acordos-coletivos-ameacados-de-extincao\/#breadcrumb","itemListElement":[{"@type":"ListItem","position":1,"name":"In\u00edcio","item":"https:\/\/www.sindpdal.org.br\/"},{"@type":"ListItem","position":2,"name":"REFLEX\u00d5ES: CONVEN\u00c7\u00d5ES E ACORDOS COLETIVOS AMEA\u00c7ADOS DE EXTIN\u00c7\u00c3O"}]},{"@type":"WebSite","@id":"https:\/\/www.sindpdal.org.br\/#website","url":"https:\/\/www.sindpdal.org.br\/","name":"SINDPD-AL","description":"SIND TRAB EMP ORG PUB PRIV PROC DE DADOS DE AL","potentialAction":[{"@type":"SearchAction","target":{"@type":"EntryPoint","urlTemplate":"https:\/\/www.sindpdal.org.br\/?s={search_term_string}"},"query-input":{"@type":"PropertyValueSpecification","valueRequired":true,"valueName":"search_term_string"}}],"inLanguage":"pt-BR"},{"@type":"Person","@id":"https:\/\/www.sindpdal.org.br\/#\/schema\/person\/27264bfef48987cc4cd77aa57a8874b6","name":"root","image":{"@type":"ImageObject","inLanguage":"pt-BR","@id":"https:\/\/secure.gravatar.com\/avatar\/4229b4f5e1d4ccee817986ebe532b0f1157f8315146ef8d2149aa951e2817862?s=96&d=mm&r=g","url":"https:\/\/secure.gravatar.com\/avatar\/4229b4f5e1d4ccee817986ebe532b0f1157f8315146ef8d2149aa951e2817862?s=96&d=mm&r=g","contentUrl":"https:\/\/secure.gravatar.com\/avatar\/4229b4f5e1d4ccee817986ebe532b0f1157f8315146ef8d2149aa951e2817862?s=96&d=mm&r=g","caption":"root"},"url":"https:\/\/www.sindpdal.org.br\/index.php\/author\/root\/"}]}},"_links":{"self":[{"href":"https:\/\/www.sindpdal.org.br\/index.php\/wp-json\/wp\/v2\/posts\/430","targetHints":{"allow":["GET"]}}],"collection":[{"href":"https:\/\/www.sindpdal.org.br\/index.php\/wp-json\/wp\/v2\/posts"}],"about":[{"href":"https:\/\/www.sindpdal.org.br\/index.php\/wp-json\/wp\/v2\/types\/post"}],"author":[{"embeddable":true,"href":"https:\/\/www.sindpdal.org.br\/index.php\/wp-json\/wp\/v2\/users\/1"}],"replies":[{"embeddable":true,"href":"https:\/\/www.sindpdal.org.br\/index.php\/wp-json\/wp\/v2\/comments?post=430"}],"version-history":[{"count":5,"href":"https:\/\/www.sindpdal.org.br\/index.php\/wp-json\/wp\/v2\/posts\/430\/revisions"}],"predecessor-version":[{"id":548,"href":"https:\/\/www.sindpdal.org.br\/index.php\/wp-json\/wp\/v2\/posts\/430\/revisions\/548"}],"wp:attachment":[{"href":"https:\/\/www.sindpdal.org.br\/index.php\/wp-json\/wp\/v2\/media?parent=430"}],"wp:term":[{"taxonomy":"category","embeddable":true,"href":"https:\/\/www.sindpdal.org.br\/index.php\/wp-json\/wp\/v2\/categories?post=430"},{"taxonomy":"post_tag","embeddable":true,"href":"https:\/\/www.sindpdal.org.br\/index.php\/wp-json\/wp\/v2\/tags?post=430"}],"curies":[{"name":"wp","href":"https:\/\/api.w.org\/{rel}","templated":true}]}}